{"id":495,"date":"2022-03-30T22:29:51","date_gmt":"2022-03-30T20:29:51","guid":{"rendered":"https:\/\/staerk-bikes.nl\/?p=495"},"modified":"2026-02-25T15:06:58","modified_gmt":"2026-02-25T14:06:58","slug":"staerk-tandem-r14","status":"publish","type":"post","link":"https:\/\/staerk-bikes.nl\/de\/2022\/03\/30\/staerk-tandem-r14\/","title":{"rendered":"ST\u00c6RK Tandem R14"},"content":{"rendered":"<div class=\"wp-block-columns is-layout-flex wp-container-core-columns-is-layout-9d6595d7 wp-block-columns-is-layout-flex\">\n<div class=\"wp-block-column is-layout-flow wp-block-column-is-layout-flow\" style=\"flex-basis:100%\">\n<div class=\"wp-block-jetpack-slideshow aligncenter\" data-effect=\"slide\"><div class=\"wp-block-jetpack-slideshow_container swiper\"><ul class=\"wp-block-jetpack-slideshow_swiper-wrapper swiper-wrapper\"><li class=\"wp-block-jetpack-slideshow_slide swiper-slide\"><figure><img data-recalc-dims=\"1\" loading=\"lazy\" decoding=\"async\" width=\"580\" height=\"358\" alt=\"\" class=\"wp-block-jetpack-slideshow_image wp-image-840\" data-id=\"840\" src=\"https:\/\/i0.wp.com\/staerk-bikes.nl\/wp-content\/uploads\/2023\/02\/r14-rood.jpg?resize=580%2C358&#038;ssl=1\"\/><\/figure><\/li><li class=\"wp-block-jetpack-slideshow_slide swiper-slide\"><figure><img data-recalc-dims=\"1\" loading=\"lazy\" decoding=\"async\" width=\"580\" height=\"424\" alt=\"\" class=\"wp-block-jetpack-slideshow_image wp-image-714\" data-id=\"714\" src=\"https:\/\/i0.wp.com\/staerk-bikes.nl\/wp-content\/uploads\/2022\/08\/r14-rood-mg-sturen.jpg?resize=580%2C424&#038;ssl=1\"\/><\/figure><\/li><li class=\"wp-block-jetpack-slideshow_slide swiper-slide\"><figure><img data-recalc-dims=\"1\" loading=\"lazy\" decoding=\"async\" width=\"580\" height=\"387\" alt=\"\" class=\"wp-block-jetpack-slideshow_image wp-image-778\" data-id=\"778\" src=\"https:\/\/i0.wp.com\/staerk-bikes.nl\/wp-content\/uploads\/2022\/11\/r14e-frontmotor-zwart.jpg?resize=580%2C387&#038;ssl=1\"\/><\/figure><\/li><li class=\"wp-block-jetpack-slideshow_slide swiper-slide\"><figure><img data-recalc-dims=\"1\" loading=\"lazy\" decoding=\"async\" width=\"580\" height=\"435\" alt=\"\" class=\"wp-block-jetpack-slideshow_image wp-image-4272\" data-id=\"4272\" data-aspect-ratio=\"3000 \/ 2250\" src=\"https:\/\/i0.wp.com\/staerk-bikes.nl\/wp-content\/uploads\/2022\/03\/STAERK-Tandem-maatvoering-1.jpg?resize=580%2C435&#038;ssl=1\" srcset=\"https:\/\/i0.wp.com\/staerk-bikes.nl\/wp-content\/uploads\/2022\/03\/STAERK-Tandem-maatvoering-1.jpg?w=3000&amp;ssl=1 3000w, https:\/\/i0.wp.com\/staerk-bikes.nl\/wp-content\/uploads\/2022\/03\/STAERK-Tandem-maatvoering-1.jpg?resize=300%2C225&amp;ssl=1 300w, https:\/\/i0.wp.com\/staerk-bikes.nl\/wp-content\/uploads\/2022\/03\/STAERK-Tandem-maatvoering-1.jpg?resize=1024%2C768&amp;ssl=1 1024w, https:\/\/i0.wp.com\/staerk-bikes.nl\/wp-content\/uploads\/2022\/03\/STAERK-Tandem-maatvoering-1.jpg?resize=768%2C576&amp;ssl=1 768w, https:\/\/i0.wp.com\/staerk-bikes.nl\/wp-content\/uploads\/2022\/03\/STAERK-Tandem-maatvoering-1.jpg?resize=1536%2C1152&amp;ssl=1 1536w, https:\/\/i0.wp.com\/staerk-bikes.nl\/wp-content\/uploads\/2022\/03\/STAERK-Tandem-maatvoering-1.jpg?resize=2048%2C1536&amp;ssl=1 2048w, https:\/\/i0.wp.com\/staerk-bikes.nl\/wp-content\/uploads\/2022\/03\/STAERK-Tandem-maatvoering-1.jpg?resize=16%2C12&amp;ssl=1 16w, https:\/\/i0.wp.com\/staerk-bikes.nl\/wp-content\/uploads\/2022\/03\/STAERK-Tandem-maatvoering-1.jpg?resize=1200%2C900&amp;ssl=1 1200w, https:\/\/i0.wp.com\/staerk-bikes.nl\/wp-content\/uploads\/2022\/03\/STAERK-Tandem-maatvoering-1.jpg?resize=800%2C600&amp;ssl=1 800w, https:\/\/i0.wp.com\/staerk-bikes.nl\/wp-content\/uploads\/2022\/03\/STAERK-Tandem-maatvoering-1.jpg?resize=600%2C450&amp;ssl=1 600w, https:\/\/i0.wp.com\/staerk-bikes.nl\/wp-content\/uploads\/2022\/03\/STAERK-Tandem-maatvoering-1.jpg?resize=400%2C300&amp;ssl=1 400w, https:\/\/i0.wp.com\/staerk-bikes.nl\/wp-content\/uploads\/2022\/03\/STAERK-Tandem-maatvoering-1.jpg?resize=200%2C150&amp;ssl=1 200w, https:\/\/i0.wp.com\/staerk-bikes.nl\/wp-content\/uploads\/2022\/03\/STAERK-Tandem-maatvoering-1.jpg?resize=1980%2C1485&amp;ssl=1 1980w, https:\/\/i0.wp.com\/staerk-bikes.nl\/wp-content\/uploads\/2022\/03\/STAERK-Tandem-maatvoering-1.jpg?w=1740&amp;ssl=1 1740w\" sizes=\"(max-width: 580px) 100vw, 580px\" \/><\/figure><\/li><\/ul><a class=\"wp-block-jetpack-slideshow_button-prev swiper-button-prev swiper-button-white\" role=\"button\"><\/a><a class=\"wp-block-jetpack-slideshow_button-next swiper-button-next swiper-button-white\" role=\"button\"><\/a><a aria-label=\"Pause Slideshow\" class=\"wp-block-jetpack-slideshow_button-pause\" role=\"button\"><\/a><div class=\"wp-block-jetpack-slideshow_pagination swiper-pagination swiper-pagination-white\"><\/div><\/div><\/div>\n<\/div>\n<\/div>\n\n\n\n<p class=\"has-text-align-center has-large-font-size\"><em>\u20ac6499,00<\/em><\/p>\n\n\n\n<p>Das ST\u00c6RK R14 ist mit einer Rohloff-Nabe mit 14 G\u00e4ngen ausgestattet. Die Rohloff-Nabe erm\u00f6glicht das Schalten unter allen Bedingungen und ist \u00e4u\u00dferst robust.<\/p>\n\n\n\n<h2 class=\"wp-block-heading\">Technische Spezifikationen<\/h2>\n\n\n\n<p><strong>Faltbarer Rahmen<\/strong><br>- Farbauswahl Schwarz oder Rot<br>- Weitere RAL-Farben gegen Aufpreis m\u00f6glich<\/p>\n\n\n\n<p><strong>R\u00e4der<\/strong><br>- 28 Zoll<br>- 48 Speichen (vorne und hinten)<br>- Hinterradnabe mit Nabenringen verst\u00e4rkt<br>- Robuste ST\u00c6RK Felgen in Schwarz<br>- Pannensichere Reifen Continental Contact 42mm<\/p>\n\n\n\n<p><strong>Bremsen<\/strong><br>- Hydraulische Scheibenbremsen (vorne und hinten)<\/p>\n\n\n\n<p><strong>14-Gang-Hinterradnabe<\/strong><br>- Rohloff 14-Gang-Hub mit 48 Speichenl\u00f6chern<\/p>\n\n\n\n<p><strong>Feste Kurbel hinten (Freilauf Forne und Hinten m\u00f6glich)<\/strong><br>Die vorderen und hinteren Kurbeln laufen Synchron, Freilaufsystem gegen Aufpreis m\u00f6glich.<\/p>\n\n\n\n<p><strong>Beleuchtung<\/strong><br>&#8211; 40lux Spanninga AXENDO<br>- Aufladbar \u00fcber USB<\/p>\n\n\n\n<p><strong>Lenker<\/strong><br>- Vogel-Modell Lenkerb\u00f6gen, 39 Grad (siehe: 2. Abbildung des roten Tandems mit Option MG Lenkerb\u00f6gen)<br>- Lenkervorbauten h\u00f6hen- und vorw\u00e4rts\/r\u00fcckw\u00e4rts einstellbar<br>- Ergonomisch geformte und verstellbare Ledergriffe<\/p>\n\n\n\n<p><strong>Sattel<\/strong><br>- Bequemer Bassano Volare Sattel<br>- Sattelst\u00fctzen mit Federung<\/p>\n\n\n\n<h2 class=\"wp-block-heading\">M\u00f6gliche Optionen gegen Aufpreis<\/h2>\n\n\n\n<p>RAL-Farbe nach Wahl \/\/ \u20ac100,-<\/p>\n\n\n\n<p>Contact Plus-Reifen mit Hermetic Plus-Schl\u00e4uchen \/\/ \u20ac25,-<\/p>\n\n\n\n<p>Magnetverschluss beim Falten \/\/ \u20ac49,-<\/p>\n\n\n\n<p>E10 Sattelst\u00fctzenlift \/\/ \u20ac100,-<\/p>\n\n\n\n<p>PM Sattelst\u00fctze mit Parallelfederung \/\/ \u20ac80,-<\/p>\n\n\n\n<p>Schnellspanner an Sattelst\u00fctze oder hinterem Lenkervorbau \/\/ \u20ac12,50 pro St\u00fcck<\/p>\n\n\n\n<p>Multigriff Lenker mit Leder (Komfortmodell) \/\/ \u20ac25,- pro St\u00fcck<\/p>\n\n\n\n<p>Multi-Grip-Lenker mit Leder (Sportmodell) \/\/ \u20ac25,- pro St\u00fcck<\/p>\n\n\n\n<p>Spiegel \/\/ \u20ac29,- pro St\u00fcck<\/p>\n\n\n\n<p>Nabendynamo im Vorderrad mit 36 Speichen \/\/ \u20ac79,-<\/p>\n\n\n\n<p>Freilaufkurbeln (unabh\u00e4ngiges Treten voneinander) \/\/ \u20ac150,-<\/p>\n\n\n\n<hr class=\"wp-block-separator has-css-opacity\"\/>\n\n\n\n<p>Bitte, <a href=\"https:\/\/staerk-bikes.nl\/de\/contact\/\">Kontakt<\/a> Sie uns bez\u00fcglich Verf\u00fcgbarkeit und weiteren Informationen <\/p>","protected":false},"excerpt":{"rendered":"<p>\u20ac6499,00 De ST\u00c6RK R14 heeft een Rohloff naaf met 14 versnellingen. De Rohloff naaf maakt schakelen onder alle omstandigheden mogelijk en is enorm degelijk. Technische Specificaties Vouwbaar Frame&#8211; Kleurkeuze Zwart of Rood&#8211; Andere RAL kleuren tegen meerprijs mogelijk Wielen&#8211; 28 inch&#8211; 48 spaken (voor- en achter)&#8211; Achternaaf versterkt met naafringen&#8211; Sterke ST\u00c6RK velgen zwart&#8211; Antilek [&hellip;]<\/p>\n","protected":false},"author":216779512,"featured_media":0,"comment_status":"closed","ping_status":"open","sticky":false,"template":"","format":"standard","meta":{"advanced_seo_description":"","jetpack_seo_html_title":"","jetpack_seo_noindex":false,"_jetpack_newsletter_access":"","_jetpack_dont_email_post_to_subs":false,"_jetpack_newsletter_tier_id":0,"_jetpack_memberships_contains_paywalled_content":false,"_jetpack_memberships_contains_paid_content":false,"footnotes":"","jetpack_publicize_message":"","jetpack_publicize_feature_enabled":true,"jetpack_social_post_already_shared":false,"jetpack_social_options":{"image_generator_settings":{"template":"highway","default_image_id":0,"font":"","enabled":false},"version":2},"_wpas_customize_per_network":false,"jetpack_post_was_ever_published":false},"categories":[1],"tags":[],"class_list":["post-495","post","type-post","status-publish","format-standard","hentry","category-uncategorized"],"jetpack_publicize_connections":[],"jetpack_featured_media_url":"","jetpack_likes_enabled":true,"jetpack_sharing_enabled":true,"jetpack_shortlink":"https:\/\/wp.me\/pdHngF-7Z","jetpack-related-posts":[],"_links":{"self":[{"href":"https:\/\/staerk-bikes.nl\/de\/wp-json\/wp\/v2\/posts\/495","targetHints":{"allow":["GET"]}}],"collection":[{"href":"https:\/\/staerk-bikes.nl\/de\/wp-json\/wp\/v2\/posts"}],"about":[{"href":"https:\/\/staerk-bikes.nl\/de\/wp-json\/wp\/v2\/types\/post"}],"author":[{"embeddable":true,"href":"https:\/\/staerk-bikes.nl\/de\/wp-json\/wp\/v2\/users\/216779512"}],"replies":[{"embeddable":true,"href":"https:\/\/staerk-bikes.nl\/de\/wp-json\/wp\/v2\/comments?post=495"}],"version-history":[{"count":21,"href":"https:\/\/staerk-bikes.nl\/de\/wp-json\/wp\/v2\/posts\/495\/revisions"}],"predecessor-version":[{"id":4273,"href":"https:\/\/staerk-bikes.nl\/de\/wp-json\/wp\/v2\/posts\/495\/revisions\/4273"}],"wp:attachment":[{"href":"https:\/\/staerk-bikes.nl\/de\/wp-json\/wp\/v2\/media?parent=495"}],"wp:term":[{"taxonomy":"category","embeddable":true,"href":"https:\/\/staerk-bikes.nl\/de\/wp-json\/wp\/v2\/categories?post=495"},{"taxonomy":"post_tag","embeddable":true,"href":"https:\/\/staerk-bikes.nl\/de\/wp-json\/wp\/v2\/tags?post=495"}],"curies":[{"name":"wp","href":"https:\/\/api.w.org\/{rel}","templated":true}]}}